{"id":89219,"date":"2021-02-22T12:25:07","date_gmt":"2021-02-22T11:25:07","guid":{"rendered":"https:\/\/www.automobile-propre.com\/?post_type=breves&amp;p=110142"},"modified":"2021-02-22T12:25:07","modified_gmt":"2021-02-22T11:25:07","slug":"la-voiture-electrique-enfin-integree-dans-le-bareme-kilometrique-des-impots","status":"publish","type":"post","link":"https:\/\/www.evearly.news\/fr\/la-voiture-electrique-enfin-integree-dans-le-bareme-kilometrique-des-impots\/","title":{"rendered":"La voiture \u00e9lectrique enfin int\u00e9gr\u00e9e dans le bar\u00e8me kilom\u00e9trique des imp\u00f4ts"},"content":{"rendered":"<p><img loading=\"lazy\" decoding=\"async\" class=\"attachment-medium size-medium wp-post-image\" src=\"https:\/\/www.automobile-propre.com\/wp-content\/uploads\/2013\/10\/rencontre-automobile-propre_008.jpg\" alt=\"\" width=\"1024\" height=\"588\" \/>Le nouveau bar\u00e8me des indemnit\u00e9s kilom\u00e9triques des imp\u00f4ts pour 2021 vient d\u2019\u00eatre publi\u00e9 au Journal officiel.\u00a0<a href=\"https:\/\/www.automobile-propre.com\/breves\/la-voiture-electrique-enfin-integree-dans-le-bareme-kilometrique-des-impots\/\" target=\"_blank\" rel=\"noopener\">Lire la suite&#8230;<\/a><\/p>\n","protected":false},"excerpt":{"rendered":"<p>Le nouveau bar\u00e8me des indemnit\u00e9s kilom\u00e9triques des imp\u00f4ts pour 2021 vient d\u2019\u00eatre publi\u00e9 au Journal officiel.<\/p>\n<p>L\u2019article La voiture \u00e9lectrique enfin int\u00e9gr\u00e9e dans le bar\u00e8me kilom\u00e9trique des imp\u00f4ts est apparu en premier sur Automobile Propre. &#8230; <a class=\"continue-reading-link\" href=\"https:\/\/www.evearly.news\/fr\/la-voiture-electrique-enfin-integree-dans-le-bareme-kilometrique-des-impots\/\"><\/a><\/p>\n","protected":false},"author":8,"featured_media":0,"comment_status":"closed","ping_status":"closed","sticky":false,"template":"","format":"standard","meta":{"footnotes":""},"categories":[8],"tags":[],"class_list":["post-89219","post","type-post","status-publish","format-standard","hentry","category-automobile-propre"],"_links":{"self":[{"href":"https:\/\/www.evearly.news\/fr\/wp-json\/wp\/v2\/posts\/89219","targetHints":{"allow":["GET"]}}],"collection":[{"href":"https:\/\/www.evearly.news\/fr\/wp-json\/wp\/v2\/posts"}],"about":[{"href":"https:\/\/www.evearly.news\/fr\/wp-json\/wp\/v2\/types\/post"}],"author":[{"embeddable":true,"href":"https:\/\/www.evearly.news\/fr\/wp-json\/wp\/v2\/users\/8"}],"replies":[{"embeddable":true,"href":"https:\/\/www.evearly.news\/fr\/wp-json\/wp\/v2\/comments?post=89219"}],"version-history":[{"count":0,"href":"https:\/\/www.evearly.news\/fr\/wp-json\/wp\/v2\/posts\/89219\/revisions"}],"wp:attachment":[{"href":"https:\/\/www.evearly.news\/fr\/wp-json\/wp\/v2\/media?parent=89219"}],"wp:term":[{"taxonomy":"category","embeddable":true,"href":"https:\/\/www.evearly.news\/fr\/wp-json\/wp\/v2\/categories?post=89219"},{"taxonomy":"post_tag","embeddable":true,"href":"https:\/\/www.evearly.news\/fr\/wp-json\/wp\/v2\/tags?post=89219"}],"curies":[{"name":"wp","href":"https:\/\/api.w.org\/{rel}","templated":true}]}}