{"id":89306,"date":"2021-02-23T11:15:18","date_gmt":"2021-02-23T10:15:18","guid":{"rendered":"https:\/\/www.frandroid.com\/?p=845217"},"modified":"2023-08-19T04:16:00","modified_gmt":"2023-08-19T04:16:00","slug":"citroen-e-berlingo-officialise-le-ludospace-electrique-taille-pour-les-grandes-familles","status":"publish","type":"post","link":"https:\/\/www.evearly.news\/fr\/citroen-e-berlingo-officialise-le-ludospace-electrique-taille-pour-les-grandes-familles\/","title":{"rendered":"Citro\u00ebn \u00eb-Berlingo officialis\u00e9\u00a0: le ludospace \u00e9lectrique taill\u00e9 pour les grandes familles"},"content":{"rendered":"<p class=\"chapo\"><img decoding=\"async\" src=\"https:\/\/images.frandroid.com\/wp-content\/uploads\/2021\/02\/citroen-e-berlingo-1.jpg\" \/>Apr\u00e8s le Peugeot e-Rifter et l\u2019Opel Combo-e Life, au tour du Citro\u00ebn Berlingo d\u2019\u00e9lectrifier sa version d\u00e9di\u00e9e aux particuliers. Le \u00eb-Berlingo, de son nom, emprunte les m\u00eames \u00e9l\u00e9ments techniques que ses homologues susmentionn\u00e9s.\u00a0<a href=\"https:\/\/www.frandroid.com\/marques\/citroen\/845217_citroen-e-berlingo-officialise-le-ludospace-electrique-taille-pour-les-grandes-familles\" target=\"_blank\" rel=\"noopener\">Lire la suite&#8230;<\/a><\/p>\n","protected":false},"excerpt":{"rendered":"<p>&#8230; <a class=\"continue-reading-link\" href=\"https:\/\/www.evearly.news\/fr\/citroen-e-berlingo-officialise-le-ludospace-electrique-taille-pour-les-grandes-familles\/\"><\/a><\/p>\n","protected":false},"author":6,"featured_media":0,"comment_status":"closed","ping_status":"closed","sticky":false,"template":"","format":"standard","meta":{"footnotes":""},"categories":[14],"tags":[],"class_list":["post-89306","post","type-post","status-publish","format-standard","hentry","category-frandroid"],"_links":{"self":[{"href":"https:\/\/www.evearly.news\/fr\/wp-json\/wp\/v2\/posts\/89306","targetHints":{"allow":["GET"]}}],"collection":[{"href":"https:\/\/www.evearly.news\/fr\/wp-json\/wp\/v2\/posts"}],"about":[{"href":"https:\/\/www.evearly.news\/fr\/wp-json\/wp\/v2\/types\/post"}],"author":[{"embeddable":true,"href":"https:\/\/www.evearly.news\/fr\/wp-json\/wp\/v2\/users\/6"}],"replies":[{"embeddable":true,"href":"https:\/\/www.evearly.news\/fr\/wp-json\/wp\/v2\/comments?post=89306"}],"version-history":[{"count":1,"href":"https:\/\/www.evearly.news\/fr\/wp-json\/wp\/v2\/posts\/89306\/revisions"}],"predecessor-version":[{"id":259982,"href":"https:\/\/www.evearly.news\/fr\/wp-json\/wp\/v2\/posts\/89306\/revisions\/259982"}],"wp:attachment":[{"href":"https:\/\/www.evearly.news\/fr\/wp-json\/wp\/v2\/media?parent=89306"}],"wp:term":[{"taxonomy":"category","embeddable":true,"href":"https:\/\/www.evearly.news\/fr\/wp-json\/wp\/v2\/categories?post=89306"},{"taxonomy":"post_tag","embeddable":true,"href":"https:\/\/www.evearly.news\/fr\/wp-json\/wp\/v2\/tags?post=89306"}],"curies":[{"name":"wp","href":"https:\/\/api.w.org\/{rel}","templated":true}]}}