{"id":89312,"date":"2021-02-23T12:05:00","date_gmt":"2021-02-23T11:05:00","guid":{"rendered":"https:\/\/news.evearly.com\/?p=89312"},"modified":"2021-02-23T12:05:00","modified_gmt":"2021-02-23T11:05:00","slug":"actualite-hyundai-ioniq-5-un-suv-compact-electrique-a-la-sauce-neo-retro","status":"publish","type":"post","link":"https:\/\/www.evearly.news\/fr\/actualite-hyundai-ioniq-5-un-suv-compact-electrique-a-la-sauce-neo-retro\/","title":{"rendered":"Actualit\u00e9 : Hyundai Ioniq\u00a05\u00a0: un SUV compact \u00e9lectrique \u00e0 la sauce n\u00e9o-r\u00e9tro"},"content":{"rendered":"<p><img decoding=\"async\" src=\"https:\/\/dyw7ncnq1en5l.cloudfront.net\/optim\/news\/16\/160773\/e657c904-hyundai-ioniq-5-un-suv-compact-electrique-a-la-sauce-neo-retro__w800.webp\" \/>Hyundai l\u00e8ve la totalit\u00e9 du voile sur la Ioniq 5, sa nouvelle t\u00eate d\u2019affiche \u00e0 la ligne n\u00e9o-r\u00e9tro. S\u2019appuyant sur la plateforme e-GMP, la voiture \u00e9lectrique sera propos\u00e9e en deux capacit\u00e9s de batterie, une charge ultrarapide et 480 km d\u2019autonomie.\u00a0<a href=\"https:\/\/www.lesnumeriques.com\/voiture\/hyundai-ioniq-5-un-suv-compact-electrique-a-la-sauce-neo-retro-n160773.html\" target=\"_blank\" rel=\"noopener\">Lire la suite&#8230;<\/a><\/p>\n","protected":false},"excerpt":{"rendered":"<p>&#8230; <a class=\"continue-reading-link\" href=\"https:\/\/www.evearly.news\/fr\/actualite-hyundai-ioniq-5-un-suv-compact-electrique-a-la-sauce-neo-retro\/\"><\/a><\/p>\n","protected":false},"author":15,"featured_media":0,"comment_status":"closed","ping_status":"closed","sticky":false,"template":"","format":"standard","meta":{"footnotes":""},"categories":[16],"tags":[],"class_list":["post-89312","post","type-post","status-publish","format-standard","hentry","category-lesnumeriques"],"_links":{"self":[{"href":"https:\/\/www.evearly.news\/fr\/wp-json\/wp\/v2\/posts\/89312","targetHints":{"allow":["GET"]}}],"collection":[{"href":"https:\/\/www.evearly.news\/fr\/wp-json\/wp\/v2\/posts"}],"about":[{"href":"https:\/\/www.evearly.news\/fr\/wp-json\/wp\/v2\/types\/post"}],"author":[{"embeddable":true,"href":"https:\/\/www.evearly.news\/fr\/wp-json\/wp\/v2\/users\/15"}],"replies":[{"embeddable":true,"href":"https:\/\/www.evearly.news\/fr\/wp-json\/wp\/v2\/comments?post=89312"}],"version-history":[{"count":0,"href":"https:\/\/www.evearly.news\/fr\/wp-json\/wp\/v2\/posts\/89312\/revisions"}],"wp:attachment":[{"href":"https:\/\/www.evearly.news\/fr\/wp-json\/wp\/v2\/media?parent=89312"}],"wp:term":[{"taxonomy":"category","embeddable":true,"href":"https:\/\/www.evearly.news\/fr\/wp-json\/wp\/v2\/categories?post=89312"},{"taxonomy":"post_tag","embeddable":true,"href":"https:\/\/www.evearly.news\/fr\/wp-json\/wp\/v2\/tags?post=89312"}],"curies":[{"name":"wp","href":"https:\/\/api.w.org\/{rel}","templated":true}]}}