{"id":89393,"date":"2021-02-24T12:15:35","date_gmt":"2021-02-24T11:15:35","guid":{"rendered":"http:\/\/www.avem.fr\/actualite-bien-ici-integre-le-service-de-recharge-zeplug-en-critere-de-recherche-8498.html"},"modified":"2023-08-17T18:57:49","modified_gmt":"2023-08-17T18:57:49","slug":"bienici-integre-le-service-de-recharge-zeplug-en-critere-de-recherche","status":"publish","type":"post","link":"https:\/\/www.evearly.news\/fr\/bienici-integre-le-service-de-recharge-zeplug-en-critere-de-recherche\/","title":{"rendered":"Bien&rsquo;ici int\u00e8gre le service de recharge Zeplug en crit\u00e8re de recherche"},"content":{"rendered":"<p><img decoding=\"async\" src=\"https:\/\/www.avem.fr\/img\/news\/2021\/20210224121529.jpg\" \/>Bien\u2019ici, l\u2019un des sites leaders des annonces immobili\u00e8res, ajoute une fonctionnalit\u00e9 in\u00e9dite \u00e0 son moteur de recherche d\u2019appartement : la disponibilit\u00e9 du service de recharge \u00e9lectrique Zeplug dans un immeuble. L\u2019ajout de cette fonctionnalit\u00e9 r\u00e9pond au besoin croissant de bornes de recharge \u00e0 domicile qui accompagne l\u2019acc\u00e9l\u00e9ration des ventes de v\u00e9hicules \u00e9lectriques. <a href=\"https:\/\/www.avem.fr\/actualite-bien-ici-integre-le-service-de-recharge-zeplug-en-critere-de-recherche-8498.html\" target=\"_blank\" rel=\"noopener\">Lire la suite&#8230;<\/a><\/p>\n","protected":false},"excerpt":{"rendered":"<p>&#8230; <a class=\"continue-reading-link\" href=\"https:\/\/www.evearly.news\/fr\/bienici-integre-le-service-de-recharge-zeplug-en-critere-de-recherche\/\"><\/a><\/p>\n","protected":false},"author":3,"featured_media":0,"comment_status":"closed","ping_status":"closed","sticky":false,"template":"","format":"standard","meta":{"footnotes":""},"categories":[3],"tags":[],"class_list":["post-89393","post","type-post","status-publish","format-standard","hentry","category-avem"],"_links":{"self":[{"href":"https:\/\/www.evearly.news\/fr\/wp-json\/wp\/v2\/posts\/89393","targetHints":{"allow":["GET"]}}],"collection":[{"href":"https:\/\/www.evearly.news\/fr\/wp-json\/wp\/v2\/posts"}],"about":[{"href":"https:\/\/www.evearly.news\/fr\/wp-json\/wp\/v2\/types\/post"}],"author":[{"embeddable":true,"href":"https:\/\/www.evearly.news\/fr\/wp-json\/wp\/v2\/users\/3"}],"replies":[{"embeddable":true,"href":"https:\/\/www.evearly.news\/fr\/wp-json\/wp\/v2\/comments?post=89393"}],"version-history":[{"count":1,"href":"https:\/\/www.evearly.news\/fr\/wp-json\/wp\/v2\/posts\/89393\/revisions"}],"predecessor-version":[{"id":256993,"href":"https:\/\/www.evearly.news\/fr\/wp-json\/wp\/v2\/posts\/89393\/revisions\/256993"}],"wp:attachment":[{"href":"https:\/\/www.evearly.news\/fr\/wp-json\/wp\/v2\/media?parent=89393"}],"wp:term":[{"taxonomy":"category","embeddable":true,"href":"https:\/\/www.evearly.news\/fr\/wp-json\/wp\/v2\/categories?post=89393"},{"taxonomy":"post_tag","embeddable":true,"href":"https:\/\/www.evearly.news\/fr\/wp-json\/wp\/v2\/tags?post=89393"}],"curies":[{"name":"wp","href":"https:\/\/api.w.org\/{rel}","templated":true}]}}