{"id":89567,"date":"2021-02-25T21:50:31","date_gmt":"2021-02-25T20:50:31","guid":{"rendered":"https:\/\/news.evearly.com\/?p=89567"},"modified":"2021-02-25T21:50:31","modified_gmt":"2021-02-25T20:50:31","slug":"le-monde-et-cnrs-le-journal-des-cellules-solaires-ultrafines-pour-le-photovoltaique-de-demain","status":"publish","type":"post","link":"https:\/\/www.evearly.news\/fr\/le-monde-et-cnrs-le-journal-des-cellules-solaires-ultrafines-pour-le-photovoltaique-de-demain\/","title":{"rendered":"Le Monde et CNRS Le Journal : Des cellules solaires ultrafines pour le photovolta\u00efque de demain"},"content":{"rendered":"\n<figure class=\"wp-block-embed is-type-video is-provider-youtube wp-block-embed-youtube wp-embed-aspect-16-9 wp-has-aspect-ratio\"><div class=\"wp-block-embed__wrapper\">\n<iframe loading=\"lazy\" title=\"Cellules solaires ultrafines : vers le photovolta\u00efque de demain | Reportage CNRS\" width=\"1240\" height=\"698\" src=\"https:\/\/www.youtube.com\/embed\/4Ghq1gBOdBI?feature=oembed\" frameborder=\"0\" allow=\"accelerometer; autoplay; clipboard-write; encrypted-media; gyroscope; picture-in-picture; web-share\" allowfullscreen><\/iframe>\n<\/div><\/figure>\n\n\n<p>Des chercheurs du Centre de Nanosciences et de Nanotechnologies (CNRS, Universit\u00e9 Paris-Saclay) et de l&rsquo;Institut Photovolta\u00efque d&rsquo;Ile-de-France (IPVF) ont d\u00e9velopp\u00e9 des cellules solaires mille fois plus fines que les cellules commerciales en silicium, avec un rendement similaire, proche de 20%. Pour y parvenir, ils ont con\u00e7u un \u00ab\u00a0pi\u00e8ge\u00a0\u00bb pour capturer la lumi\u00e8re du soleil. A la cl\u00e9, des \u00e9conomies de mat\u00e9riaux, des cellules solaires flexibles et moins co\u00fbteuses pour acc\u00e9l\u00e9rer le d\u00e9veloppement du photovolta\u00efque, et de nouvelles applications sur des objets mobiles comme des voitures ou des drones. <a style=\"font-size: inherit\" href=\"https:\/\/feeds.feedblitz.com\/~\/645137534\/0\/tecsol~Le-Monde-et-CNRS-Le-Journal-Des-cellules-solaires-ultrafines-pour-le-photovolta%c3%afque-de-demain.html\" target=\"_blank\" rel=\"noopener\">Lire la suite&#8230;<\/a><\/p>","protected":false},"excerpt":{"rendered":"<p>&#8230; <a class=\"continue-reading-link\" href=\"https:\/\/www.evearly.news\/fr\/le-monde-et-cnrs-le-journal-des-cellules-solaires-ultrafines-pour-le-photovoltaique-de-demain\/\"><\/a><\/p>\n","protected":false},"author":25,"featured_media":0,"comment_status":"closed","ping_status":"closed","sticky":false,"template":"","format":"standard","meta":{"footnotes":""},"categories":[22],"tags":[],"class_list":["post-89567","post","type-post","status-publish","format-standard","hentry","category-tecsol"],"_links":{"self":[{"href":"https:\/\/www.evearly.news\/fr\/wp-json\/wp\/v2\/posts\/89567","targetHints":{"allow":["GET"]}}],"collection":[{"href":"https:\/\/www.evearly.news\/fr\/wp-json\/wp\/v2\/posts"}],"about":[{"href":"https:\/\/www.evearly.news\/fr\/wp-json\/wp\/v2\/types\/post"}],"author":[{"embeddable":true,"href":"https:\/\/www.evearly.news\/fr\/wp-json\/wp\/v2\/users\/25"}],"replies":[{"embeddable":true,"href":"https:\/\/www.evearly.news\/fr\/wp-json\/wp\/v2\/comments?post=89567"}],"version-history":[{"count":0,"href":"https:\/\/www.evearly.news\/fr\/wp-json\/wp\/v2\/posts\/89567\/revisions"}],"wp:attachment":[{"href":"https:\/\/www.evearly.news\/fr\/wp-json\/wp\/v2\/media?parent=89567"}],"wp:term":[{"taxonomy":"category","embeddable":true,"href":"https:\/\/www.evearly.news\/fr\/wp-json\/wp\/v2\/categories?post=89567"},{"taxonomy":"post_tag","embeddable":true,"href":"https:\/\/www.evearly.news\/fr\/wp-json\/wp\/v2\/tags?post=89567"}],"curies":[{"name":"wp","href":"https:\/\/api.w.org\/{rel}","templated":true}]}}