{"id":90202,"date":"2021-03-03T06:30:00","date_gmt":"2021-03-03T05:30:00","guid":{"rendered":"https:\/\/www.automobile-magazine.fr\/voitures-electriques\/article\/28953-volkswagen-id3-cabriolet"},"modified":"2023-08-17T05:18:59","modified_gmt":"2023-08-17T05:18:59","slug":"une-id-3-cabriolet-dans-les-tuyaux-lidee-ferait-son-chemin-chez-volkswagen","status":"publish","type":"post","link":"https:\/\/www.evearly.news\/fr\/une-id-3-cabriolet-dans-les-tuyaux-lidee-ferait-son-chemin-chez-volkswagen\/","title":{"rendered":"Une ID.3 Cabriolet dans les tuyaux ? L\u2019id\u00e9e ferait son chemin chez Volkswagen"},"content":{"rendered":"<p><img decoding=\"async\" src=\"https:\/\/news.evearly.com\/wp-content\/uploads\/2021\/03\/une-id-3-cabriolet-dans-les-tuyaux-lidee-ferait-son-chemin-chez-volkswagen.jpg\"><\/p>\n<p>Volkswagen r\u00e9fl\u00e9chit \u00e0 une version cabriolet de la compacte \u00e9lectrique ID.3. Le constructeur demande l&rsquo;avis des internautes \u00e0 ce sujet, illustrations \u00e0 l&rsquo;appui.<\/p>\n<p> <a href=\"https:\/\/www.automobile-magazine.fr\/voitures-electriques\/article\/28953-volkswagen-id3-cabriolet\" target=\"_blank\" rel=\"noopener\">Lire la suite&#8230;<\/a><\/p>\n","protected":false},"excerpt":{"rendered":"<p>&#8230; <a class=\"continue-reading-link\" href=\"https:\/\/www.evearly.news\/fr\/une-id-3-cabriolet-dans-les-tuyaux-lidee-ferait-son-chemin-chez-volkswagen\/\"><\/a><\/p>\n","protected":false},"author":7,"featured_media":0,"comment_status":"closed","ping_status":"closed","sticky":false,"template":"","format":"standard","meta":{"footnotes":""},"categories":[7],"tags":[],"class_list":["post-90202","post","type-post","status-publish","format-standard","hentry","category-automobile-magazine"],"_links":{"self":[{"href":"https:\/\/www.evearly.news\/fr\/wp-json\/wp\/v2\/posts\/90202","targetHints":{"allow":["GET"]}}],"collection":[{"href":"https:\/\/www.evearly.news\/fr\/wp-json\/wp\/v2\/posts"}],"about":[{"href":"https:\/\/www.evearly.news\/fr\/wp-json\/wp\/v2\/types\/post"}],"author":[{"embeddable":true,"href":"https:\/\/www.evearly.news\/fr\/wp-json\/wp\/v2\/users\/7"}],"replies":[{"embeddable":true,"href":"https:\/\/www.evearly.news\/fr\/wp-json\/wp\/v2\/comments?post=90202"}],"version-history":[{"count":1,"href":"https:\/\/www.evearly.news\/fr\/wp-json\/wp\/v2\/posts\/90202\/revisions"}],"predecessor-version":[{"id":254369,"href":"https:\/\/www.evearly.news\/fr\/wp-json\/wp\/v2\/posts\/90202\/revisions\/254369"}],"wp:attachment":[{"href":"https:\/\/www.evearly.news\/fr\/wp-json\/wp\/v2\/media?parent=90202"}],"wp:term":[{"taxonomy":"category","embeddable":true,"href":"https:\/\/www.evearly.news\/fr\/wp-json\/wp\/v2\/categories?post=90202"},{"taxonomy":"post_tag","embeddable":true,"href":"https:\/\/www.evearly.news\/fr\/wp-json\/wp\/v2\/tags?post=90202"}],"curies":[{"name":"wp","href":"https:\/\/api.w.org\/{rel}","templated":true}]}}