{"id":90259,"date":"2021-03-03T18:15:00","date_gmt":"2021-03-03T17:15:00","guid":{"rendered":"https:\/\/www.clubic.com\/mag\/transports\/actualite-363606-ionity-forme-par-volkswagen-et-bmw-veut-booster-le-reseau-de-recharge-europeen.html"},"modified":"2021-03-03T18:15:00","modified_gmt":"2021-03-03T17:15:00","slug":"ionity-forme-par-volkswagen-et-bmw-veut-booster-le-reseau-de-recharge-europeen","status":"publish","type":"post","link":"https:\/\/www.evearly.news\/fr\/ionity-forme-par-volkswagen-et-bmw-veut-booster-le-reseau-de-recharge-europeen\/","title":{"rendered":"Ionity, form\u00e9 par Volkswagen et BMW, veut booster le r\u00e9seau de recharge europ\u00e9en"},"content":{"rendered":"<p><img decoding=\"async\" src=\"https:\/\/pic.clubic.com\/v1\/images\/1805662\/raw\">Le r\u00e9seau de charge Ionity, form\u00e9 initialement par Volkswagen et BMW entre autres, veut am\u00e9liorer sa couverture pour faire face \u00e0 la hausse des ventes de voitures \u00e9lectriques en Europe. Actuellement, le r\u00e9seau Ionity compte 400 bornes de recharge install\u00e9es au bord des autoroutes europ\u00e9ennes. <a href=\"https:\/\/www.clubic.com\/mag\/transports\/actualite-363606-ionity-forme-par-volkswagen-et-bmw-veut-booster-le-reseau-de-recharge-europeen.html\" target=\"_blank\" rel=\"noopener\">Lire la suite&#8230;<\/a><\/p>\n","protected":false},"excerpt":{"rendered":"<p>&#8230; <a class=\"continue-reading-link\" href=\"https:\/\/www.evearly.news\/fr\/ionity-forme-par-volkswagen-et-bmw-veut-booster-le-reseau-de-recharge-europeen\/\"><\/a><\/p>\n","protected":false},"author":12,"featured_media":0,"comment_status":"closed","ping_status":"closed","sticky":false,"template":"","format":"standard","meta":{"footnotes":""},"categories":[12],"tags":[],"class_list":["post-90259","post","type-post","status-publish","format-standard","hentry","category-clubic"],"_links":{"self":[{"href":"https:\/\/www.evearly.news\/fr\/wp-json\/wp\/v2\/posts\/90259","targetHints":{"allow":["GET"]}}],"collection":[{"href":"https:\/\/www.evearly.news\/fr\/wp-json\/wp\/v2\/posts"}],"about":[{"href":"https:\/\/www.evearly.news\/fr\/wp-json\/wp\/v2\/types\/post"}],"author":[{"embeddable":true,"href":"https:\/\/www.evearly.news\/fr\/wp-json\/wp\/v2\/users\/12"}],"replies":[{"embeddable":true,"href":"https:\/\/www.evearly.news\/fr\/wp-json\/wp\/v2\/comments?post=90259"}],"version-history":[{"count":0,"href":"https:\/\/www.evearly.news\/fr\/wp-json\/wp\/v2\/posts\/90259\/revisions"}],"wp:attachment":[{"href":"https:\/\/www.evearly.news\/fr\/wp-json\/wp\/v2\/media?parent=90259"}],"wp:term":[{"taxonomy":"category","embeddable":true,"href":"https:\/\/www.evearly.news\/fr\/wp-json\/wp\/v2\/categories?post=90259"},{"taxonomy":"post_tag","embeddable":true,"href":"https:\/\/www.evearly.news\/fr\/wp-json\/wp\/v2\/tags?post=90259"}],"curies":[{"name":"wp","href":"https:\/\/api.w.org\/{rel}","templated":true}]}}