{"id":90630,"date":"2021-03-09T18:06:58","date_gmt":"2021-03-09T17:06:58","guid":{"rendered":"https:\/\/www.automobile-propre.com\/?post_type=breves&amp;p=111624"},"modified":"2021-03-09T18:06:58","modified_gmt":"2021-03-09T17:06:58","slug":"le-hummer-suv-sera-devoile-le-3-avril-prochain","status":"publish","type":"post","link":"https:\/\/www.evearly.news\/fr\/le-hummer-suv-sera-devoile-le-3-avril-prochain\/","title":{"rendered":"Le Hummer SUV sera d\u00e9voil\u00e9 le 3 avril prochain"},"content":{"rendered":"<p><img loading=\"lazy\" decoding=\"async\" class=\"attachment-medium size-medium wp-post-image lazyloaded\" src=\"https:\/\/www.automobile-propre.com\/wp-content\/uploads\/2021\/03\/Hummer-SUV-01.jpg\" alt=\"\" width=\"1200\" height=\"800\" data-ll-status=\"loaded\" \/>D\u00e9j\u00e0 aper\u00e7u furtivement dans les locaux de General Motors, le Hummer SUV se confirme et sera pr\u00e9sent\u00e9 le mois prochain.\u00a0<a href=\"https:\/\/www.automobile-propre.com\/breves\/le-hummer-suv-sera-devoile-le-3-avril-prochain\/\" target=\"_blank\" rel=\"noopener\">Lire la suite&#8230;<\/a><\/p>\n","protected":false},"excerpt":{"rendered":"<p>D\u00e9j\u00e0 aper\u00e7u furtivement dans les locaux de General Motors, le Hummer SUV se confirme et sera pr\u00e9sent\u00e9 le mois prochain.<\/p>\n<p>L\u2019article Le Hummer SUV sera d\u00e9voil\u00e9 le 3 avril prochain est apparu en premier sur Automobile Propre. &#8230; <a class=\"continue-reading-link\" href=\"https:\/\/www.evearly.news\/fr\/le-hummer-suv-sera-devoile-le-3-avril-prochain\/\"><\/a><\/p>\n","protected":false},"author":8,"featured_media":0,"comment_status":"closed","ping_status":"closed","sticky":false,"template":"","format":"standard","meta":{"footnotes":""},"categories":[8],"tags":[],"class_list":["post-90630","post","type-post","status-publish","format-standard","hentry","category-automobile-propre"],"_links":{"self":[{"href":"https:\/\/www.evearly.news\/fr\/wp-json\/wp\/v2\/posts\/90630","targetHints":{"allow":["GET"]}}],"collection":[{"href":"https:\/\/www.evearly.news\/fr\/wp-json\/wp\/v2\/posts"}],"about":[{"href":"https:\/\/www.evearly.news\/fr\/wp-json\/wp\/v2\/types\/post"}],"author":[{"embeddable":true,"href":"https:\/\/www.evearly.news\/fr\/wp-json\/wp\/v2\/users\/8"}],"replies":[{"embeddable":true,"href":"https:\/\/www.evearly.news\/fr\/wp-json\/wp\/v2\/comments?post=90630"}],"version-history":[{"count":0,"href":"https:\/\/www.evearly.news\/fr\/wp-json\/wp\/v2\/posts\/90630\/revisions"}],"wp:attachment":[{"href":"https:\/\/www.evearly.news\/fr\/wp-json\/wp\/v2\/media?parent=90630"}],"wp:term":[{"taxonomy":"category","embeddable":true,"href":"https:\/\/www.evearly.news\/fr\/wp-json\/wp\/v2\/categories?post=90630"},{"taxonomy":"post_tag","embeddable":true,"href":"https:\/\/www.evearly.news\/fr\/wp-json\/wp\/v2\/tags?post=90630"}],"curies":[{"name":"wp","href":"https:\/\/api.w.org\/{rel}","templated":true}]}}