{"id":90632,"date":"2021-03-09T18:00:00","date_gmt":"2021-03-09T17:00:00","guid":{"rendered":"https:\/\/insideevs.fr\/news\/493054\/audi-q4-e-tron-prototype\/?utm_source=RSS&amp;utm_medium=referral&amp;utm_campaign=RSS-all-news"},"modified":"2021-03-09T18:00:00","modified_gmt":"2021-03-09T17:00:00","slug":"audi-q4-e-tron-prototype-le-nouveau-suv-compact-electrique-aux-anneaux","status":"publish","type":"post","link":"https:\/\/www.evearly.news\/fr\/audi-q4-e-tron-prototype-le-nouveau-suv-compact-electrique-aux-anneaux\/","title":{"rendered":"Audi Q4 e-tron Prototype &#8211; Le nouveau SUV compact \u00e9lectrique aux anneaux"},"content":{"rendered":"<p><img decoding=\"async\" src=\"https:\/\/news.evearly.com\/wp-content\/uploads\/2021\/03\/audi-q4-e-tron-prototype-le-nouveau-suv-compact-electrique-aux-anneaux.jpg\">Il inaugure l&rsquo;affichage t\u00eate haute en r\u00e9alit\u00e9 augment\u00e9e chez Audi. <a href=\"https:\/\/insideevs.fr\/news\/493054\/audi-q4-e-tron-prototype\/?utm_source=RSS&amp;utm_medium=referral&amp;utm_campaign=RSS-all-news\" target=\"_blank\" rel=\"noopener\">Lire la suite&#8230;<\/a><\/p>\n","protected":false},"excerpt":{"rendered":"<p><img decoding=\"async\" src=\"https:\/\/news.evearly.com\/wp-content\/uploads\/2021\/03\/audi-q4-e-tron-prototype-le-nouveau-suv-compact-electrique-aux-anneaux.jpg\">Il inaugure l&rsquo;affichage t\u00eate haute en r\u00e9alit\u00e9 augment\u00e9e chez Audi.  <a class=\"continue-reading-link\" href=\"https:\/\/www.evearly.news\/fr\/audi-q4-e-tron-prototype-le-nouveau-suv-compact-electrique-aux-anneaux\/\"><\/a><\/p>\n","protected":false},"author":14,"featured_media":0,"comment_status":"closed","ping_status":"closed","sticky":false,"template":"","format":"standard","meta":{"footnotes":""},"categories":[15],"tags":[],"class_list":["post-90632","post","type-post","status-publish","format-standard","hentry","category-insideevs"],"_links":{"self":[{"href":"https:\/\/www.evearly.news\/fr\/wp-json\/wp\/v2\/posts\/90632","targetHints":{"allow":["GET"]}}],"collection":[{"href":"https:\/\/www.evearly.news\/fr\/wp-json\/wp\/v2\/posts"}],"about":[{"href":"https:\/\/www.evearly.news\/fr\/wp-json\/wp\/v2\/types\/post"}],"author":[{"embeddable":true,"href":"https:\/\/www.evearly.news\/fr\/wp-json\/wp\/v2\/users\/14"}],"replies":[{"embeddable":true,"href":"https:\/\/www.evearly.news\/fr\/wp-json\/wp\/v2\/comments?post=90632"}],"version-history":[{"count":0,"href":"https:\/\/www.evearly.news\/fr\/wp-json\/wp\/v2\/posts\/90632\/revisions"}],"wp:attachment":[{"href":"https:\/\/www.evearly.news\/fr\/wp-json\/wp\/v2\/media?parent=90632"}],"wp:term":[{"taxonomy":"category","embeddable":true,"href":"https:\/\/www.evearly.news\/fr\/wp-json\/wp\/v2\/categories?post=90632"},{"taxonomy":"post_tag","embeddable":true,"href":"https:\/\/www.evearly.news\/fr\/wp-json\/wp\/v2\/tags?post=90632"}],"curies":[{"name":"wp","href":"https:\/\/api.w.org\/{rel}","templated":true}]}}