{"id":90634,"date":"2021-03-09T18:12:06","date_gmt":"2021-03-09T17:12:06","guid":{"rendered":"https:\/\/www.automobile-magazine.fr\/voitures-electriques\/article\/29002-dacia-spring-electrique-les-prix-en-fuite"},"modified":"2023-08-17T05:18:47","modified_gmt":"2023-08-17T05:18:47","slug":"dacia-spring-electrique-les-prix-en-fuite","status":"publish","type":"post","link":"https:\/\/www.evearly.news\/fr\/dacia-spring-electrique-les-prix-en-fuite\/","title":{"rendered":"Dacia Spring \u00e9lectrique : les prix en fuite !"},"content":{"rendered":"<p><img decoding=\"async\" src=\"https:\/\/news.evearly.com\/wp-content\/uploads\/2021\/03\/dacia-spring-electrique-les-prix-en-fuite.jpg\"><\/p>\n<p>Alors qu\u2019ils devaient officiellement \u00eatre r\u00e9v\u00e9l\u00e9s le 11 mars, les prix de la nouvelle Dacia Spring \u00e9lectrique viennent d\u2019\u00eatre publi\u00e9s sur le forum Worldscoop. Rien d\u2019officiel, mais un message d\u2019une source tr\u00e8s bien renseign\u00e9e et qu\u2019il convient de prendre au s\u00e9rieux.<\/p>\n<p> <a href=\"https:\/\/www.automobile-magazine.fr\/voitures-electriques\/article\/29002-dacia-spring-electrique-les-prix-en-fuite\" target=\"_blank\" rel=\"noopener\">Lire la suite&#8230;<\/a><\/p>\n","protected":false},"excerpt":{"rendered":"<p>&#8230; <a class=\"continue-reading-link\" href=\"https:\/\/www.evearly.news\/fr\/dacia-spring-electrique-les-prix-en-fuite\/\"><\/a><\/p>\n","protected":false},"author":7,"featured_media":0,"comment_status":"closed","ping_status":"closed","sticky":false,"template":"","format":"standard","meta":{"footnotes":""},"categories":[7],"tags":[],"class_list":["post-90634","post","type-post","status-publish","format-standard","hentry","category-automobile-magazine"],"_links":{"self":[{"href":"https:\/\/www.evearly.news\/fr\/wp-json\/wp\/v2\/posts\/90634","targetHints":{"allow":["GET"]}}],"collection":[{"href":"https:\/\/www.evearly.news\/fr\/wp-json\/wp\/v2\/posts"}],"about":[{"href":"https:\/\/www.evearly.news\/fr\/wp-json\/wp\/v2\/types\/post"}],"author":[{"embeddable":true,"href":"https:\/\/www.evearly.news\/fr\/wp-json\/wp\/v2\/users\/7"}],"replies":[{"embeddable":true,"href":"https:\/\/www.evearly.news\/fr\/wp-json\/wp\/v2\/comments?post=90634"}],"version-history":[{"count":1,"href":"https:\/\/www.evearly.news\/fr\/wp-json\/wp\/v2\/posts\/90634\/revisions"}],"predecessor-version":[{"id":254356,"href":"https:\/\/www.evearly.news\/fr\/wp-json\/wp\/v2\/posts\/90634\/revisions\/254356"}],"wp:attachment":[{"href":"https:\/\/www.evearly.news\/fr\/wp-json\/wp\/v2\/media?parent=90634"}],"wp:term":[{"taxonomy":"category","embeddable":true,"href":"https:\/\/www.evearly.news\/fr\/wp-json\/wp\/v2\/categories?post=90634"},{"taxonomy":"post_tag","embeddable":true,"href":"https:\/\/www.evearly.news\/fr\/wp-json\/wp\/v2\/tags?post=90634"}],"curies":[{"name":"wp","href":"https:\/\/api.w.org\/{rel}","templated":true}]}}