{"id":90682,"date":"2021-03-10T10:15:18","date_gmt":"2021-03-10T09:15:18","guid":{"rendered":"https:\/\/www.automobile-propre.com\/?post_type=breves&amp;p=111717"},"modified":"2021-03-10T10:15:18","modified_gmt":"2021-03-10T09:15:18","slug":"dacia-spring-un-prix-a-12-400-e-bonus-deduit","status":"publish","type":"post","link":"https:\/\/www.evearly.news\/fr\/dacia-spring-un-prix-a-12-400-e-bonus-deduit\/","title":{"rendered":"Dacia Spring : un prix \u00e0 12 400 \u20ac bonus d\u00e9duit"},"content":{"rendered":"<p><img loading=\"lazy\" decoding=\"async\" class=\"attachment-medium size-medium wp-post-image lazyloaded\" src=\"https:\/\/www.automobile-propre.com\/wp-content\/uploads\/2020\/10\/Dacia-Spring-Electric-2021-01-1200x874.jpg\" alt=\"\" width=\"1200\" height=\"874\" data-ll-status=\"loaded\" \/>La Dacia Spring a promis d&rsquo;\u00eatre l\u2019une des \u00e9lectriques la moins ch\u00e8re. Promesse tenue avec sa grille tarifaire qui se d\u00e9voile en avance.\u00a0<a href=\"https:\/\/www.automobile-propre.com\/breves\/dacia-spring-un-prix-a-12-400-e-bonus-deduit\/\" target=\"_blank\" rel=\"noopener\">Lire la suite&#8230;<\/a><\/p>\n","protected":false},"excerpt":{"rendered":"<p>La Dacia Spring a promis \u00eatre l\u2019une des \u00e9lectriques la moins ch\u00e8re. Promesse tenue avec sa grille tarifaire qui se d\u00e9voile en avance.<\/p>\n<p>L\u2019article Dacia Spring : un prix \u00e0 12 400 \u20ac bonus d\u00e9duit est apparu en premier sur Automobile Propre. &#8230; <a class=\"continue-reading-link\" href=\"https:\/\/www.evearly.news\/fr\/dacia-spring-un-prix-a-12-400-e-bonus-deduit\/\"><\/a><\/p>\n","protected":false},"author":8,"featured_media":0,"comment_status":"closed","ping_status":"closed","sticky":false,"template":"","format":"standard","meta":{"footnotes":""},"categories":[8],"tags":[],"class_list":["post-90682","post","type-post","status-publish","format-standard","hentry","category-automobile-propre"],"_links":{"self":[{"href":"https:\/\/www.evearly.news\/fr\/wp-json\/wp\/v2\/posts\/90682","targetHints":{"allow":["GET"]}}],"collection":[{"href":"https:\/\/www.evearly.news\/fr\/wp-json\/wp\/v2\/posts"}],"about":[{"href":"https:\/\/www.evearly.news\/fr\/wp-json\/wp\/v2\/types\/post"}],"author":[{"embeddable":true,"href":"https:\/\/www.evearly.news\/fr\/wp-json\/wp\/v2\/users\/8"}],"replies":[{"embeddable":true,"href":"https:\/\/www.evearly.news\/fr\/wp-json\/wp\/v2\/comments?post=90682"}],"version-history":[{"count":0,"href":"https:\/\/www.evearly.news\/fr\/wp-json\/wp\/v2\/posts\/90682\/revisions"}],"wp:attachment":[{"href":"https:\/\/www.evearly.news\/fr\/wp-json\/wp\/v2\/media?parent=90682"}],"wp:term":[{"taxonomy":"category","embeddable":true,"href":"https:\/\/www.evearly.news\/fr\/wp-json\/wp\/v2\/categories?post=90682"},{"taxonomy":"post_tag","embeddable":true,"href":"https:\/\/www.evearly.news\/fr\/wp-json\/wp\/v2\/tags?post=90682"}],"curies":[{"name":"wp","href":"https:\/\/api.w.org\/{rel}","templated":true}]}}