{"id":93453,"date":"2021-04-12T21:10:43","date_gmt":"2021-04-12T19:10:43","guid":{"rendered":"https:\/\/www.automobile-propre.com\/?post_type=breves&amp;p=114625"},"modified":"2021-04-12T21:10:43","modified_gmt":"2021-04-12T19:10:43","slug":"volkswagen-id-6-un-nouveau-teaser-pour-le-grand-suv-electrique","status":"publish","type":"post","link":"https:\/\/www.evearly.news\/fr\/volkswagen-id-6-un-nouveau-teaser-pour-le-grand-suv-electrique\/","title":{"rendered":"Volkswagen ID.6 : un nouveau teaser pour le grand SUV \u00e9lectrique"},"content":{"rendered":"<p><img loading=\"lazy\" decoding=\"async\" class=\"attachment-medium size-medium wp-post-image lazyloaded\" src=\"https:\/\/www.automobile-propre.com\/wp-content\/uploads\/2021\/04\/Volkswagen-ID6-CROZZ-et-ID6-X-1-1200x675.jpg\" alt=\"\" width=\"1200\" height=\"675\" data-ll-status=\"loaded\" \/>La semaine prochaine, Volkswagen pr\u00e9sentera l&rsquo;ID.6 \u00e0 l&rsquo;occasion du salon de Shanghai. Ce grand SUV \u00e9lectrique 7 places sortira des usines de deux coentreprises de VW, avec FAW et SAIC. Il sera disponible en Chine en premier lieu mais pourrait ensuite s&rsquo;exporter.\u00a0<a href=\"https:\/\/www.automobile-propre.com\/breves\/volkswagen-id-6-un-nouveau-teaser-pour-le-grand-suv-electrique\/\" target=\"_blank\" rel=\"noopener\">Lire la suite&#8230;<\/a><\/p>\n","protected":false},"excerpt":{"rendered":"<p>La semaine prochaine, Volkswagen pr\u00e9sentera l&rsquo;ID.6 \u00e0 l&rsquo;occasion du salon de Shanghai. Ce grand SUV \u00e9lectrique 7 places sortira des usines de deux coentreprises de VW, avec FAW et SAIC. Il sera disponible en Chine en premier lieu mais pourrait ensuite s&rsquo;exporter.<\/p>\n<p>L\u2019article Volkswagen ID.6 : un nouveau teaser pour le grand SUV \u00e9lectrique est apparu en premier sur Automobile Propre. &#8230; <a class=\"continue-reading-link\" href=\"https:\/\/www.evearly.news\/fr\/volkswagen-id-6-un-nouveau-teaser-pour-le-grand-suv-electrique\/\"><\/a><\/p>\n","protected":false},"author":8,"featured_media":0,"comment_status":"closed","ping_status":"closed","sticky":false,"template":"","format":"standard","meta":{"footnotes":""},"categories":[8],"tags":[],"class_list":["post-93453","post","type-post","status-publish","format-standard","hentry","category-automobile-propre"],"_links":{"self":[{"href":"https:\/\/www.evearly.news\/fr\/wp-json\/wp\/v2\/posts\/93453","targetHints":{"allow":["GET"]}}],"collection":[{"href":"https:\/\/www.evearly.news\/fr\/wp-json\/wp\/v2\/posts"}],"about":[{"href":"https:\/\/www.evearly.news\/fr\/wp-json\/wp\/v2\/types\/post"}],"author":[{"embeddable":true,"href":"https:\/\/www.evearly.news\/fr\/wp-json\/wp\/v2\/users\/8"}],"replies":[{"embeddable":true,"href":"https:\/\/www.evearly.news\/fr\/wp-json\/wp\/v2\/comments?post=93453"}],"version-history":[{"count":0,"href":"https:\/\/www.evearly.news\/fr\/wp-json\/wp\/v2\/posts\/93453\/revisions"}],"wp:attachment":[{"href":"https:\/\/www.evearly.news\/fr\/wp-json\/wp\/v2\/media?parent=93453"}],"wp:term":[{"taxonomy":"category","embeddable":true,"href":"https:\/\/www.evearly.news\/fr\/wp-json\/wp\/v2\/categories?post=93453"},{"taxonomy":"post_tag","embeddable":true,"href":"https:\/\/www.evearly.news\/fr\/wp-json\/wp\/v2\/tags?post=93453"}],"curies":[{"name":"wp","href":"https:\/\/api.w.org\/{rel}","templated":true}]}}