{"id":96951,"date":"2021-05-26T10:17:26","date_gmt":"2021-05-26T08:17:26","guid":{"rendered":"https:\/\/www.frandroid.com\/?p=952691"},"modified":"2023-08-19T04:08:53","modified_gmt":"2023-08-19T04:08:53","slug":"cupra-born-officialisee-540-km-dautonomie-pour-la-rivale-de-la-volkswagen-id-3","status":"publish","type":"post","link":"https:\/\/www.evearly.news\/fr\/cupra-born-officialisee-540-km-dautonomie-pour-la-rivale-de-la-volkswagen-id-3\/","title":{"rendered":"Cupra Born officialis\u00e9e : 540 km d\u2019autonomie pour la rivale de la Volkswagen ID.3"},"content":{"rendered":"<p class=\"chapo\"><img decoding=\"async\" src=\"https:\/\/images.frandroid.com\/wp-content\/uploads\/2021\/05\/cupra-born-01-hq-3.jpg\" data-scale=\"1\" data-translate-x=\"0\" data-translate-y=\"0\" \/>Cupra, la branche sportive de la marque espagnole Seat, a r\u00e9v\u00e9l\u00e9 en d\u00e9tail les chiffres et caract\u00e9ristiques de sa compacte \u00e9lectrique Cupra Born. Pr\u00e9sentation compl\u00e8te.\u00a0<a href=\"https:\/\/www.frandroid.com\/marques\/seat\/952691_cupra-born-officialisee-540-km-dautonomie-pour-la-rivale-de-la-volkswagen-id-3\" target=\"_blank\" rel=\"noopener\">Lire la suite&#8230;<\/a><\/p>\n","protected":false},"excerpt":{"rendered":"<p>&#8230; <a class=\"continue-reading-link\" href=\"https:\/\/www.evearly.news\/fr\/cupra-born-officialisee-540-km-dautonomie-pour-la-rivale-de-la-volkswagen-id-3\/\"><\/a><\/p>\n","protected":false},"author":6,"featured_media":0,"comment_status":"closed","ping_status":"closed","sticky":false,"template":"","format":"standard","meta":{"footnotes":""},"categories":[14],"tags":[],"class_list":["post-96951","post","type-post","status-publish","format-standard","hentry","category-frandroid"],"_links":{"self":[{"href":"https:\/\/www.evearly.news\/fr\/wp-json\/wp\/v2\/posts\/96951","targetHints":{"allow":["GET"]}}],"collection":[{"href":"https:\/\/www.evearly.news\/fr\/wp-json\/wp\/v2\/posts"}],"about":[{"href":"https:\/\/www.evearly.news\/fr\/wp-json\/wp\/v2\/types\/post"}],"author":[{"embeddable":true,"href":"https:\/\/www.evearly.news\/fr\/wp-json\/wp\/v2\/users\/6"}],"replies":[{"embeddable":true,"href":"https:\/\/www.evearly.news\/fr\/wp-json\/wp\/v2\/comments?post=96951"}],"version-history":[{"count":1,"href":"https:\/\/www.evearly.news\/fr\/wp-json\/wp\/v2\/posts\/96951\/revisions"}],"predecessor-version":[{"id":259823,"href":"https:\/\/www.evearly.news\/fr\/wp-json\/wp\/v2\/posts\/96951\/revisions\/259823"}],"wp:attachment":[{"href":"https:\/\/www.evearly.news\/fr\/wp-json\/wp\/v2\/media?parent=96951"}],"wp:term":[{"taxonomy":"category","embeddable":true,"href":"https:\/\/www.evearly.news\/fr\/wp-json\/wp\/v2\/categories?post=96951"},{"taxonomy":"post_tag","embeddable":true,"href":"https:\/\/www.evearly.news\/fr\/wp-json\/wp\/v2\/tags?post=96951"}],"curies":[{"name":"wp","href":"https:\/\/api.w.org\/{rel}","templated":true}]}}