{"id":96952,"date":"2021-05-26T10:17:49","date_gmt":"2021-05-26T08:17:49","guid":{"rendered":"https:\/\/www.phonandroid.com\/?p=2378300"},"modified":"2021-05-26T10:17:49","modified_gmt":"2021-05-26T08:17:49","slug":"tesla-commence-a-vendre-des-voitures-sans-radar-frontal","status":"publish","type":"post","link":"https:\/\/www.evearly.news\/fr\/tesla-commence-a-vendre-des-voitures-sans-radar-frontal\/","title":{"rendered":"Tesla commence \u00e0 vendre des voitures sans radar frontal"},"content":{"rendered":"<div class=\"media_block\"><img decoding=\"async\" src=\"https:\/\/img.phonandroid.com\/2021\/05\/tesla-model-y.jpg\" \/>Tesla a commenc\u00e9 \u00e0 commercialiser ses premiers v\u00e9hicules d\u00e9pourvus de radar frontal, utilis\u00e9s pour l\u2019Autopilot. Cela ne signifie pas que la conduite autonome est abandonn\u00e9e, mais que le constructeur mise d\u00e9sormais sur ses cam\u00e9ras embarqu\u00e9es.\u00a0<a href=\"https:\/\/www.phonandroid.com\/tesla-commence-a-vendre-des-voitures-sans-radar-frontal.html\" target=\"_blank\" rel=\"noopener\">Lire la suite&#8230;<\/a><\/div>\n","protected":false},"excerpt":{"rendered":"<p>&#8230; <a class=\"continue-reading-link\" href=\"https:\/\/www.evearly.news\/fr\/tesla-commence-a-vendre-des-voitures-sans-radar-frontal\/\"><\/a><\/p>\n","protected":false},"author":17,"featured_media":0,"comment_status":"closed","ping_status":"closed","sticky":false,"template":"","format":"standard","meta":{"footnotes":""},"categories":[18],"tags":[],"class_list":["post-96952","post","type-post","status-publish","format-standard","hentry","category-phonandroid"],"_links":{"self":[{"href":"https:\/\/www.evearly.news\/fr\/wp-json\/wp\/v2\/posts\/96952","targetHints":{"allow":["GET"]}}],"collection":[{"href":"https:\/\/www.evearly.news\/fr\/wp-json\/wp\/v2\/posts"}],"about":[{"href":"https:\/\/www.evearly.news\/fr\/wp-json\/wp\/v2\/types\/post"}],"author":[{"embeddable":true,"href":"https:\/\/www.evearly.news\/fr\/wp-json\/wp\/v2\/users\/17"}],"replies":[{"embeddable":true,"href":"https:\/\/www.evearly.news\/fr\/wp-json\/wp\/v2\/comments?post=96952"}],"version-history":[{"count":0,"href":"https:\/\/www.evearly.news\/fr\/wp-json\/wp\/v2\/posts\/96952\/revisions"}],"wp:attachment":[{"href":"https:\/\/www.evearly.news\/fr\/wp-json\/wp\/v2\/media?parent=96952"}],"wp:term":[{"taxonomy":"category","embeddable":true,"href":"https:\/\/www.evearly.news\/fr\/wp-json\/wp\/v2\/categories?post=96952"},{"taxonomy":"post_tag","embeddable":true,"href":"https:\/\/www.evearly.news\/fr\/wp-json\/wp\/v2\/tags?post=96952"}],"curies":[{"name":"wp","href":"https:\/\/api.w.org\/{rel}","templated":true}]}}