{"id":96965,"date":"2021-05-26T11:00:53","date_gmt":"2021-05-26T09:00:53","guid":{"rendered":"https:\/\/www.automobile-propre.com\/?p=117844"},"modified":"2021-05-26T11:00:53","modified_gmt":"2021-05-26T09:00:53","slug":"voiture-electrique-tous-les-signaux-sont-au-vert","status":"publish","type":"post","link":"https:\/\/www.evearly.news\/fr\/voiture-electrique-tous-les-signaux-sont-au-vert\/","title":{"rendered":"Voiture \u00e9lectrique, tous les signaux sont au vert"},"content":{"rendered":"<p><img loading=\"lazy\" decoding=\"async\" class=\"alignnone size-full wp-image-117676\" src=\"https:\/\/www.automobile-propre.com\/wp-content\/uploads\/2021\/05\/APB0522_bHubTeslaFastned.jpg\" alt=\"Energy Superhub d'Oxford\" width=\"1200\" height=\"800\" \/>Am\u00e9lioration sur le front de la crise sanitaire, reprise \u00e9conomique qui se dessine, projets qui prennent corps, les plan\u00e8tes semblent s\u2019aligner progressivement pour une acc\u00e9l\u00e9ration du march\u00e9 de la voiture \u00e9lectrique.\u00a0<a href=\"https:\/\/www.automobile-propre.com\/voiture-electrique-tous-les-signaux-sont-au-vert\/\" target=\"_blank\" rel=\"noopener\">Lire la suite&#8230;<\/a><\/p>\n","protected":false},"excerpt":{"rendered":"<p>Am\u00e9lioration sur le front de la crise sanitaire, reprise \u00e9conomique qui se dessine, projets qui prennent corps, les plan\u00e8tes semblent s&rsquo;aligner progressivement pour une acc\u00e9l\u00e9ration du march\u00e9 de la voiture \u00e9lectrique.<\/p>\n<p>L\u2019article Voiture \u00e9lectrique, tous les signaux sont au vert est apparu en premier sur Automobile Propre. &#8230; <a class=\"continue-reading-link\" href=\"https:\/\/www.evearly.news\/fr\/voiture-electrique-tous-les-signaux-sont-au-vert\/\"><\/a><\/p>\n","protected":false},"author":8,"featured_media":0,"comment_status":"closed","ping_status":"closed","sticky":false,"template":"","format":"standard","meta":{"footnotes":""},"categories":[8],"tags":[],"class_list":["post-96965","post","type-post","status-publish","format-standard","hentry","category-automobile-propre"],"_links":{"self":[{"href":"https:\/\/www.evearly.news\/fr\/wp-json\/wp\/v2\/posts\/96965","targetHints":{"allow":["GET"]}}],"collection":[{"href":"https:\/\/www.evearly.news\/fr\/wp-json\/wp\/v2\/posts"}],"about":[{"href":"https:\/\/www.evearly.news\/fr\/wp-json\/wp\/v2\/types\/post"}],"author":[{"embeddable":true,"href":"https:\/\/www.evearly.news\/fr\/wp-json\/wp\/v2\/users\/8"}],"replies":[{"embeddable":true,"href":"https:\/\/www.evearly.news\/fr\/wp-json\/wp\/v2\/comments?post=96965"}],"version-history":[{"count":0,"href":"https:\/\/www.evearly.news\/fr\/wp-json\/wp\/v2\/posts\/96965\/revisions"}],"wp:attachment":[{"href":"https:\/\/www.evearly.news\/fr\/wp-json\/wp\/v2\/media?parent=96965"}],"wp:term":[{"taxonomy":"category","embeddable":true,"href":"https:\/\/www.evearly.news\/fr\/wp-json\/wp\/v2\/categories?post=96965"},{"taxonomy":"post_tag","embeddable":true,"href":"https:\/\/www.evearly.news\/fr\/wp-json\/wp\/v2\/tags?post=96965"}],"curies":[{"name":"wp","href":"https:\/\/api.w.org\/{rel}","templated":true}]}}