{"id":99241,"date":"2021-06-17T20:30:00","date_gmt":"2021-06-17T18:30:00","guid":{"rendered":"https:\/\/www.caradisiac.com\/interview-de-beatrice-foucher-directrice-generale-de-ds-automobiles-avant-2030-le-marche-europeen-sera-100-electrique-salon-caradisiac-2021-190498.htm#xtor=RSS-40"},"modified":"2021-06-17T20:30:00","modified_gmt":"2021-06-17T18:30:00","slug":"interview-de-beatrice-foucher-directrice-generale-de-ds-automobiles-avant-2030-le-marche-europeen-sera-100-electrique-salon-caradisiac-2021","status":"publish","type":"post","link":"https:\/\/www.evearly.news\/fr\/interview-de-beatrice-foucher-directrice-generale-de-ds-automobiles-avant-2030-le-marche-europeen-sera-100-electrique-salon-caradisiac-2021\/","title":{"rendered":"Interview de B\u00e9atrice Foucher (directrice g\u00e9n\u00e9rale de DS Automobiles)\u00a0: \u00ab\u00a0Avant 2030 le march\u00e9 europ\u00e9en sera 100\u00a0% \u00e9lectrique\u00a0\u00bb. Salon Caradisiac 2021"},"content":{"rendered":"<p> <img decoding=\"async\" src=\"https:\/\/news.evearly.com\/wp-content\/uploads\/2021\/06\/interview-de-beatrice-foucher-directrice-generale-de-ds-automobiles-avant-2030-le-marche-europeen-sera-100-electrique-salon-caradisiac-2021.jpg\" \/> Une quinzaine de grands dirigeants du secteur automobile se sont pli\u00e9s \u00e0 l\u2019exercice de l\u2019interview sous l\u2019un des chapiteaux du cirque Micheletty o\u00f9 est organis\u00e9 le salon Caradisiac 2021. Aujourd&rsquo;hui, c&rsquo;est au tour de B\u00e9atrice Foucher, directrice g\u00e9n\u00e9rale de DS Automobiles de se plier \u00e0 l&rsquo;exercice. <a href=\"https:\/\/www.caradisiac.com\/interview-de-beatrice-foucher-directrice-generale-de-ds-automobiles-avant-2030-le-marche-europeen-sera-100-electrique-salon-caradisiac-2021-190498.htm#xtor=RSS-40\" target=\"_blank\" rel=\"noopener\">Lire la suite&#8230;<\/a><\/p>\n","protected":false},"excerpt":{"rendered":"<p> <img decoding=\"async\" src=\"https:\/\/news.evearly.com\/wp-content\/uploads\/2021\/06\/interview-de-beatrice-foucher-directrice-generale-de-ds-automobiles-avant-2030-le-marche-europeen-sera-100-electrique-salon-caradisiac-2021.jpg\" \/> Une quinzaine de grands dirigeants du secteur automobile se sont pli\u00e9s \u00e0 l\u2019exercice de l\u2019interview sous l\u2019un des chapiteaux du cirque Micheletty o\u00f9 est organis\u00e9 le salon Caradisiac 2021. Aujourd&rsquo;hui, c&rsquo;est au tour de B\u00e9atrice Foucher, directrice g\u00e9n\u00e9rale de DS Automobiles de se plier \u00e0 l&rsquo;exercice.  <a class=\"continue-reading-link\" href=\"https:\/\/www.evearly.news\/fr\/interview-de-beatrice-foucher-directrice-generale-de-ds-automobiles-avant-2030-le-marche-europeen-sera-100-electrique-salon-caradisiac-2021\/\"><\/a><\/p>\n","protected":false},"author":11,"featured_media":0,"comment_status":"closed","ping_status":"closed","sticky":false,"template":"","format":"standard","meta":{"footnotes":""},"categories":[11],"tags":[],"class_list":["post-99241","post","type-post","status-publish","format-standard","hentry","category-caradisiac"],"_links":{"self":[{"href":"https:\/\/www.evearly.news\/fr\/wp-json\/wp\/v2\/posts\/99241","targetHints":{"allow":["GET"]}}],"collection":[{"href":"https:\/\/www.evearly.news\/fr\/wp-json\/wp\/v2\/posts"}],"about":[{"href":"https:\/\/www.evearly.news\/fr\/wp-json\/wp\/v2\/types\/post"}],"author":[{"embeddable":true,"href":"https:\/\/www.evearly.news\/fr\/wp-json\/wp\/v2\/users\/11"}],"replies":[{"embeddable":true,"href":"https:\/\/www.evearly.news\/fr\/wp-json\/wp\/v2\/comments?post=99241"}],"version-history":[{"count":0,"href":"https:\/\/www.evearly.news\/fr\/wp-json\/wp\/v2\/posts\/99241\/revisions"}],"wp:attachment":[{"href":"https:\/\/www.evearly.news\/fr\/wp-json\/wp\/v2\/media?parent=99241"}],"wp:term":[{"taxonomy":"category","embeddable":true,"href":"https:\/\/www.evearly.news\/fr\/wp-json\/wp\/v2\/categories?post=99241"},{"taxonomy":"post_tag","embeddable":true,"href":"https:\/\/www.evearly.news\/fr\/wp-json\/wp\/v2\/tags?post=99241"}],"curies":[{"name":"wp","href":"https:\/\/api.w.org\/{rel}","templated":true}]}}