{"id":99701,"date":"2021-06-18T02:00:00","date_gmt":"2021-06-18T00:00:00","guid":{"rendered":"http:\/\/$url_article"},"modified":"2021-06-18T02:00:00","modified_gmt":"2021-06-18T00:00:00","slug":"totalenergies-investit-la-ville-damsterdam","status":"publish","type":"post","link":"https:\/\/www.evearly.news\/fr\/totalenergies-investit-la-ville-damsterdam\/","title":{"rendered":"TotalEnergies investit la ville d\u2019Amsterdam"},"content":{"rendered":"<p><img decoding=\"async\" src=\"https:\/\/news.evearly.com\/wp-content\/uploads\/2021\/06\/x162400204724b09b6bd5b679bdd9a97514441a3641-TotalEnergies.jpg.pagespeed.ic_.Z56lbvVhSW.jpg\" alt=\"TotalEnergies investit la ville d\u2019Amsterdam \" \/>TotalEnergies vient de remporter la consultation visant \u00e0 \u00e9tendre le r\u00e9seau de recharge de la Municipalit\u00e9 d\u2019Amsterdam. D\u2019ici \u00e0 l\u2019automne 2022, l\u2019op\u00e9rateur va installer 2 200 nouveaux points de recharge. <a href=\"http:\/\/www.avere-france.org\/Site\/Article\/?article_id=8004\" target=\"_blank\" rel=\"nofollow noopener\">Lire la suite&#8230;<\/a><\/p>\n","protected":false},"excerpt":{"rendered":"<p>&#8230; <a class=\"continue-reading-link\" href=\"https:\/\/www.evearly.news\/fr\/totalenergies-investit-la-ville-damsterdam\/\"><\/a><\/p>\n","protected":false},"author":10,"featured_media":0,"comment_status":"closed","ping_status":"closed","sticky":false,"template":"","format":"standard","meta":{"footnotes":""},"categories":[9],"tags":[],"class_list":["post-99701","post","type-post","status-publish","format-standard","hentry","category-avere-france"],"_links":{"self":[{"href":"https:\/\/www.evearly.news\/fr\/wp-json\/wp\/v2\/posts\/99701","targetHints":{"allow":["GET"]}}],"collection":[{"href":"https:\/\/www.evearly.news\/fr\/wp-json\/wp\/v2\/posts"}],"about":[{"href":"https:\/\/www.evearly.news\/fr\/wp-json\/wp\/v2\/types\/post"}],"author":[{"embeddable":true,"href":"https:\/\/www.evearly.news\/fr\/wp-json\/wp\/v2\/users\/10"}],"replies":[{"embeddable":true,"href":"https:\/\/www.evearly.news\/fr\/wp-json\/wp\/v2\/comments?post=99701"}],"version-history":[{"count":0,"href":"https:\/\/www.evearly.news\/fr\/wp-json\/wp\/v2\/posts\/99701\/revisions"}],"wp:attachment":[{"href":"https:\/\/www.evearly.news\/fr\/wp-json\/wp\/v2\/media?parent=99701"}],"wp:term":[{"taxonomy":"category","embeddable":true,"href":"https:\/\/www.evearly.news\/fr\/wp-json\/wp\/v2\/categories?post=99701"},{"taxonomy":"post_tag","embeddable":true,"href":"https:\/\/www.evearly.news\/fr\/wp-json\/wp\/v2\/tags?post=99701"}],"curies":[{"name":"wp","href":"https:\/\/api.w.org\/{rel}","templated":true}]}}